{"id":3652,"date":"2023-07-13T14:52:18","date_gmt":"2023-07-13T13:52:18","guid":{"rendered":"http:\/\/www.annelum.de\/?p=3652"},"modified":"2023-07-13T14:55:50","modified_gmt":"2023-07-13T13:55:50","slug":"das-tuch-pilvi","status":"publish","type":"post","link":"http:\/\/www.annelum.de\/?p=3652","title":{"rendered":"Das Tuch Pilvi"},"content":{"rendered":"<div class=\"shariff shariff-align-left shariff-widget-align-left\" data-services=\"pinterest\" data-url=\"http:\/\/www.annelum.de\/?p=3652\" data-timestamp=\"1689260150\" data-backendurl=\"?rest_route=\/shariff\/v1\/share_counts&\"><ul class=\"shariff-buttons theme-round orientation-horizontal buttonsize-medium\"><li class=\"shariff-button mastodon shariff-nocustomcolor\" style=\"background-color:#563ACC\"><a href=\"https:\/\/s2f.kytta.dev\/?text=Das%20Tuch%20Pilvi http%3A%2F%2Fwww.annelum.de%2F%3Fp%3D3652\" title=\"Bei Mastodon teilen\" aria-label=\"Bei Mastodon teilen\" role=\"button\" rel=\"noopener nofollow\" class=\"shariff-link\" style=\"; background-color:#6364FF; color:#fff\" target=\"_blank\"><span class=\"shariff-icon\" style=\"\"><svg width=\"75\" height=\"79\" viewBox=\"0 0 75 79\" fill=\"none\" xmlns=\"http:\/\/www.w3.org\/2000\/svg\"><path d=\"M37.813-.025C32.462-.058 27.114.13 21.79.598c-8.544.621-17.214 5.58-20.203 13.931C-1.12 23.318.408 32.622.465 41.65c.375 7.316.943 14.78 3.392 21.73 4.365 9.465 14.781 14.537 24.782 15.385 7.64.698 15.761-.213 22.517-4.026a54.1 54.1 0 0 0 .01-6.232c-6.855 1.316-14.101 2.609-21.049 1.074-3.883-.88-6.876-4.237-7.25-8.215-1.53-3.988 3.78-.43 5.584-.883 9.048 1.224 18.282.776 27.303-.462 7.044-.837 14.26-4.788 16.65-11.833 2.263-6.135 1.215-12.79 1.698-19.177.06-3.84.09-7.692-.262-11.52C72.596 7.844 63.223.981 53.834.684a219.453 219.453 0 0 0-16.022-.71zm11.294 12.882c5.5-.067 10.801 4.143 11.67 9.653.338 1.48.471 3 .471 4.515v21.088h-8.357c-.07-7.588.153-15.182-.131-22.765-.587-4.368-7.04-5.747-9.672-2.397-2.422 3.04-1.47 7.155-1.67 10.735v6.392h-8.307c-.146-4.996.359-10.045-.404-15.002-1.108-4.218-7.809-5.565-10.094-1.666-1.685 3.046-.712 6.634-.976 9.936v14.767h-8.354c.109-8.165-.238-16.344.215-24.5.674-5.346 5.095-10.389 10.676-10.627 4.902-.739 10.103 2.038 12.053 6.631.375 1.435 1.76 1.932 1.994.084 1.844-3.704 5.501-6.739 9.785-6.771.367-.044.735-.068 1.101-.073z\"\/><defs><linearGradient id=\"paint0_linear_549_34\" x1=\"37.0692\" y1=\"0\" x2=\"37.0692\" y2=\"79\" gradientUnits=\"userSpaceOnUse\"><stop stop-color=\"#6364FF\"\/><stop offset=\"1\" stop-color=\"#563ACC\"\/><\/linearGradient><\/defs><\/svg><\/span><\/a><\/li><li class=\"shariff-button pinterest shariff-nocustomcolor\" style=\"background-color:#e70f18\"><a href=\"https:\/\/www.pinterest.com\/pin\/create\/link\/?url=http%3A%2F%2Fwww.annelum.de%2F%3Fp%3D3652&media=http%3A%2F%2Fwww.annelum.de%2Fwp-content%2Fuploads%2F2023%2F07%2FPilvi-03.jpg&description=Das%20Tuch%20Pilvi\" title=\"Bei Pinterest pinnen\" aria-label=\"Bei Pinterest pinnen\" role=\"button\" rel=\"noopener nofollow\" class=\"shariff-link\" style=\"; background-color:#cb2027; color:#fff\" target=\"_blank\"><span class=\"shariff-icon\" style=\"\"><svg width=\"32px\" height=\"20px\" xmlns=\"http:\/\/www.w3.org\/2000\/svg\" viewBox=\"0 0 27 32\"><path fill=\"#cb2027\" d=\"M27.4 16q0 3.7-1.8 6.9t-5 5-6.9 1.9q-2 0-3.9-0.6 1.1-1.7 1.4-2.9 0.2-0.6 1-3.8 0.4 0.7 1.3 1.2t2 0.5q2.1 0 3.8-1.2t2.7-3.4 0.9-4.8q0-2-1.1-3.8t-3.1-2.9-4.5-1.2q-1.9 0-3.5 0.5t-2.8 1.4-2 2-1.2 2.3-0.4 2.4q0 1.9 0.7 3.3t2.1 2q0.5 0.2 0.7-0.4 0-0.1 0.1-0.5t0.2-0.5q0.1-0.4-0.2-0.8-0.9-1.1-0.9-2.7 0-2.7 1.9-4.6t4.9-2q2.7 0 4.2 1.5t1.5 3.8q0 3-1.2 5.2t-3.1 2.1q-1.1 0-1.7-0.8t-0.4-1.9q0.1-0.6 0.5-1.7t0.5-1.8 0.2-1.4q0-0.9-0.5-1.5t-1.4-0.6q-1.1 0-1.9 1t-0.8 2.6q0 1.3 0.4 2.2l-1.8 7.5q-0.3 1.2-0.2 3.2-3.7-1.6-6-5t-2.3-7.6q0-3.7 1.9-6.9t5-5 6.9-1.9 6.9 1.9 5 5 1.8 6.9z\"\/><\/svg><\/span><span data-service=\"pinterest\" style=\"color:#cb2027\" class=\"shariff-count\"> 10<\/span>&nbsp;<\/a><\/li><li class=\"shariff-button info shariff-nocustomcolor\" style=\"background-color:#eee\"><a href=\"http:\/\/www.annelum.de\/?page_id=73\" title=\"Weitere Informationen\" aria-label=\"Weitere Informationen\" role=\"button\" rel=\"noopener \" class=\"shariff-link\" style=\"; background-color:#fff; color:#fff\" target=\"_blank\"><span class=\"shariff-icon\" style=\"\"><svg width=\"32px\" height=\"20px\" xmlns=\"http:\/\/www.w3.org\/2000\/svg\" viewBox=\"0 0 11 32\"><path fill=\"#999\" d=\"M11.4 24v2.3q0 0.5-0.3 0.8t-0.8 0.4h-9.1q-0.5 0-0.8-0.4t-0.4-0.8v-2.3q0-0.5 0.4-0.8t0.8-0.4h1.1v-6.8h-1.1q-0.5 0-0.8-0.4t-0.4-0.8v-2.3q0-0.5 0.4-0.8t0.8-0.4h6.8q0.5 0 0.8 0.4t0.4 0.8v10.3h1.1q0.5 0 0.8 0.4t0.3 0.8zM9.2 3.4v3.4q0 0.5-0.4 0.8t-0.8 0.4h-4.6q-0.4 0-0.8-0.4t-0.4-0.8v-3.4q0-0.4 0.4-0.8t0.8-0.4h4.6q0.5 0 0.8 0.4t0.4 0.8z\"\/><\/svg><\/span><\/a><\/li><li class=\"shariff-button mailto shariff-nocustomcolor\" style=\"background-color:#a8a8a8\"><a href=\"mailto:?body=http%3A%2F%2Fwww.annelum.de%2F%3Fp%3D3652&subject=Das%20Tuch%20Pilvi\" title=\"Per E-Mail versenden\" aria-label=\"Per E-Mail versenden\" role=\"button\" rel=\"noopener nofollow\" class=\"shariff-link\" style=\"; background-color:#999; color:#fff\"><span class=\"shariff-icon\" style=\"\"><svg width=\"32px\" height=\"20px\" xmlns=\"http:\/\/www.w3.org\/2000\/svg\" viewBox=\"0 0 32 32\"><path fill=\"#999\" d=\"M32 12.7v14.2q0 1.2-0.8 2t-2 0.9h-26.3q-1.2 0-2-0.9t-0.8-2v-14.2q0.8 0.9 1.8 1.6 6.5 4.4 8.9 6.1 1 0.8 1.6 1.2t1.7 0.9 2 0.4h0.1q0.9 0 2-0.4t1.7-0.9 1.6-1.2q3-2.2 8.9-6.1 1-0.7 1.8-1.6zM32 7.4q0 1.4-0.9 2.7t-2.2 2.2q-6.7 4.7-8.4 5.8-0.2 0.1-0.7 0.5t-1 0.7-0.9 0.6-1.1 0.5-0.9 0.2h-0.1q-0.4 0-0.9-0.2t-1.1-0.5-0.9-0.6-1-0.7-0.7-0.5q-1.6-1.1-4.7-3.2t-3.6-2.6q-1.1-0.7-2.1-2t-1-2.5q0-1.4 0.7-2.3t2.1-0.9h26.3q1.2 0 2 0.8t0.9 2z\"\/><\/svg><\/span><\/a><\/li><\/ul><\/div><p>[Werbung: Enth\u00e4lt Werbelink und Markennennung.]<br \/>\nNach langer Zeit habe ich wieder einmal ein Tuch von Jasmin R\u00e4s\u00e4nen geh\u00e4kelt. Das Pilvi. Ich habe es nicht so gro\u00df geh\u00e4kelt, da ich es eher als einen Schal tragen m\u00f6chte. Es ist nur 148 cm x 32 cm gro\u00df geworden. Und auch der Verbrauch an Wolle ist sehr gering: Mandala von Lionbrand, Farb-Nr. 213, Verbrauch 161 Gramm und es ist mit einer 5er Nadel geh\u00e4kelt. Das Tuch ist leicht und fluffig geworden. Und eine Neuigkeit. Die kostenlose Anleitung hat Jasmin als Video zur Verf\u00fcgung gestellt. Die Erkl\u00e4rungen sind super.\u00a0 Die Videoanleitung findet Ihr hier: <a href=\"https:\/\/youtu.be\/xTa7hWdTZVA\" target=\"_blank\" rel=\"noopener\">Pilvi<\/a><\/p>\n<p><a href=\"http:\/\/www.annelum.de\/wp-content\/uploads\/2023\/07\/Pilvi-01.jpg\" target=\"_blank\" rel=\"noopener\"><img loading=\"lazy\" decoding=\"async\" class=\"aligncenter wp-image-3648 size-full\" src=\"http:\/\/www.annelum.de\/wp-content\/uploads\/2023\/07\/Pilvi-01.jpg\" alt=\"Buntes H\u00e4keltuch mit Rippen. Farbverlaufswolle von dunkelgrau nach hellblau. Das Tuch h\u00e4ngt \u00fcber einer Kleiderpuppe.\" width=\"1280\" height=\"1707\" srcset=\"http:\/\/www.annelum.de\/wp-content\/uploads\/2023\/07\/Pilvi-01.jpg 1280w, http:\/\/www.annelum.de\/wp-content\/uploads\/2023\/07\/Pilvi-01-225x300.jpg 225w, http:\/\/www.annelum.de\/wp-content\/uploads\/2023\/07\/Pilvi-01-768x1024.jpg 768w, http:\/\/www.annelum.de\/wp-content\/uploads\/2023\/07\/Pilvi-01-1152x1536.jpg 1152w\" sizes=\"auto, (max-width: 1280px) 100vw, 1280px\" \/><\/a><a href=\"http:\/\/www.annelum.de\/wp-content\/uploads\/2023\/07\/Pilvi-02.jpg\" target=\"_blank\" rel=\"noopener\"><img loading=\"lazy\" decoding=\"async\" class=\"aligncenter wp-image-3649 size-full\" src=\"http:\/\/www.annelum.de\/wp-content\/uploads\/2023\/07\/Pilvi-02.jpg\" alt=\"H\u00e4keltuch mit Rippen. Farbverlaufswolle von dunkelgrau nach dunkelrosa, hellrosa, rot, lila, grau, hellblau. Die Gr\u00f6\u00dfe ist 148 cm mal 32 cm.\" width=\"1280\" height=\"1953\" srcset=\"http:\/\/www.annelum.de\/wp-content\/uploads\/2023\/07\/Pilvi-02.jpg 1280w, http:\/\/www.annelum.de\/wp-content\/uploads\/2023\/07\/Pilvi-02-197x300.jpg 197w, http:\/\/www.annelum.de\/wp-content\/uploads\/2023\/07\/Pilvi-02-671x1024.jpg 671w, http:\/\/www.annelum.de\/wp-content\/uploads\/2023\/07\/Pilvi-02-768x1172.jpg 768w, http:\/\/www.annelum.de\/wp-content\/uploads\/2023\/07\/Pilvi-02-1007x1536.jpg 1007w\" sizes=\"auto, (max-width: 1280px) 100vw, 1280px\" \/><\/a><a href=\"http:\/\/www.annelum.de\/wp-content\/uploads\/2023\/07\/Pilvi-04.jpg\" target=\"_blank\" rel=\"noopener\"><img loading=\"lazy\" decoding=\"async\" class=\"aligncenter wp-image-3651 size-full\" src=\"http:\/\/www.annelum.de\/wp-content\/uploads\/2023\/07\/Pilvi-04.jpg\" alt=\"H\u00e4keltuch mit Rippen. Farbverlaufswolle von dunkelgrau nach dunkelrosa, hellrosa, rot, lila, grau, hellblau. Das Tuch liegt ausgebreitet auf dem Boden.\" width=\"1280\" height=\"497\" srcset=\"http:\/\/www.annelum.de\/wp-content\/uploads\/2023\/07\/Pilvi-04.jpg 1280w, http:\/\/www.annelum.de\/wp-content\/uploads\/2023\/07\/Pilvi-04-300x116.jpg 300w, http:\/\/www.annelum.de\/wp-content\/uploads\/2023\/07\/Pilvi-04-1024x398.jpg 1024w, http:\/\/www.annelum.de\/wp-content\/uploads\/2023\/07\/Pilvi-04-768x298.jpg 768w\" sizes=\"auto, (max-width: 1280px) 100vw, 1280px\" \/><\/a><\/p>\n<p>&nbsp;<\/p>\n","protected":false},"excerpt":{"rendered":"<p>[Werbung: Enth\u00e4lt Werbelink und Markennennung.] Nach langer Zeit habe ich wieder einmal ein Tuch von Jasmin R\u00e4s\u00e4nen geh\u00e4kelt. Das Pilvi. Ich habe es nicht so gro\u00df geh\u00e4kelt, da ich es eher als einen Schal tragen m\u00f6chte. Es ist nur 148 cm x 32 cm gro\u00df geworden. Und auch der Verbrauch an Wolle ist sehr gering: &hellip; <a href=\"http:\/\/www.annelum.de\/?p=3652\" class=\"more-link\"><span class=\"screen-reader-text\">Das Tuch Pilvi<\/span> weiterlesen <span class=\"meta-nav\">&rarr;<\/span><\/a><\/p>\n","protected":false},"author":1,"featured_media":3650,"comment_status":"closed","ping_status":"closed","sticky":false,"template":"","format":"standard","meta":{"footnotes":""},"categories":[12,19],"tags":[],"class_list":["post-3652","post","type-post","status-publish","format-standard","has-post-thumbnail","hentry","category-haekeln","category-tuch"],"_links":{"self":[{"href":"http:\/\/www.annelum.de\/index.php?rest_route=\/wp\/v2\/posts\/3652","targetHints":{"allow":["GET"]}}],"collection":[{"href":"http:\/\/www.annelum.de\/index.php?rest_route=\/wp\/v2\/posts"}],"about":[{"href":"http:\/\/www.annelum.de\/index.php?rest_route=\/wp\/v2\/types\/post"}],"author":[{"embeddable":true,"href":"http:\/\/www.annelum.de\/index.php?rest_route=\/wp\/v2\/users\/1"}],"replies":[{"embeddable":true,"href":"http:\/\/www.annelum.de\/index.php?rest_route=%2Fwp%2Fv2%2Fcomments&post=3652"}],"version-history":[{"count":3,"href":"http:\/\/www.annelum.de\/index.php?rest_route=\/wp\/v2\/posts\/3652\/revisions"}],"predecessor-version":[{"id":4159,"href":"http:\/\/www.annelum.de\/index.php?rest_route=\/wp\/v2\/posts\/3652\/revisions\/4159"}],"wp:featuredmedia":[{"embeddable":true,"href":"http:\/\/www.annelum.de\/index.php?rest_route=\/wp\/v2\/media\/3650"}],"wp:attachment":[{"href":"http:\/\/www.annelum.de\/index.php?rest_route=%2Fwp%2Fv2%2Fmedia&parent=3652"}],"wp:term":[{"taxonomy":"category","embeddable":true,"href":"http:\/\/www.annelum.de\/index.php?rest_route=%2Fwp%2Fv2%2Fcategories&post=3652"},{"taxonomy":"post_tag","embeddable":true,"href":"http:\/\/www.annelum.de\/index.php?rest_route=%2Fwp%2Fv2%2Ftags&post=3652"}],"curies":[{"name":"wp","href":"https:\/\/api.w.org\/{rel}","templated":true}]}}